{"id":7809,"date":"2023-05-24T16:41:00","date_gmt":"2023-05-24T19:41:00","guid":{"rendered":"https:\/\/mereo.com\/?p=711"},"modified":"2025-10-09T00:21:03","modified_gmt":"2025-10-09T03:21:03","slug":"gestao-do-conhecimento","status":"publish","type":"post","link":"https:\/\/mereo.com\/hub\/gestao-do-conhecimento\/","title":{"rendered":"Gest\u00e3o do conhecimento: sua import\u00e2ncia e como aplicar"},"content":{"rendered":"\r\n<p>A gest\u00e3o do conhecimento nas empresas \u00e9 um processo essencial para garantir o desenvolvimento e o sucesso organizacional em um ambiente competitivo e em constante evolu\u00e7\u00e3o. \u00a0<\/p>\r\n\r\n\r\n<p>Trata-se de uma abordagem estrat\u00e9gica que visa identificar, capturar, armazenar, compartilhar e utilizar o conhecimento de forma eficiente e eficaz em toda a organiza\u00e7\u00e3o.\u00a0<\/p>\r\n\r\n\r\n<p>O conhecimento \u00e9 um recurso valioso que reside n\u00e3o apenas nas informa\u00e7\u00f5es tang\u00edveis e nos dados, mas tamb\u00e9m na experi\u00eancia, na expertise e nas habilidades dos colaboradores.\u00a0<\/p>\r\n\r\n\r\n<p>Quer saber mais sobre esse assunto e como aplic\u00e1-lo na sua empresa? Se sim, continue a leitura!\u00a0<\/p>\r\n\r\n\r\n<p><strong>Neste conte\u00fado voc\u00ea encontra:<\/strong>\u00a0<\/p>\r\n\r\n\r\n<ul class=\"wp-block-list\">\r\n<li>O que \u00e9 gest\u00e3o do conhecimento?\u00a0<\/li>\r\n\r\n\r\n<li>Qual a import\u00e2ncia da gest\u00e3o do conhecimento?\u00a0<\/li>\r\n\r\n\r\n<li>5 dicas pr\u00e1ticas para implementar\u00a0<\/li>\r\n<\/ul>\r\n\r\n\r\n<h2 class=\"wp-block-heading\"><strong>O que \u00e9 gest\u00e3o do conhecimento?<\/strong>\u00a0<\/h2>\r\n\r\n\r\n<p>A gest\u00e3o do conhecimento \u00e9 um conjunto de pr\u00e1ticas e processos que t\u00eam como objetivo identificar, capturar, armazenar, compartilhar e utilizar o conhecimento de uma organiza\u00e7\u00e3o de forma eficiente e eficaz. Ela engloba a cria\u00e7\u00e3o de uma cultura organizacional que valoriza e promove a aprendizagem cont\u00ednua, o compartilhamento de informa\u00e7\u00f5es e a inova\u00e7\u00e3o.\u00a0<\/p>\r\n\r\n\r\n<p>O conhecimento nas empresas est\u00e1 presente em diferentes formas, como informa\u00e7\u00f5es documentadas, experi\u00eancias individuais, habilidades t\u00e9cnicas, li\u00e7\u00f5es aprendidas e expertise dos colaboradores. \u00a0<\/p>\r\n\r\n\r\n<p>A gest\u00e3o do conhecimento visa extrair e aproveitar esse conhecimento para benef\u00edcio da organiza\u00e7\u00e3o, possibilitando melhores decis\u00f5es, maior colabora\u00e7\u00e3o e aumento da efici\u00eancia operacional.\u00a0<\/p>\r\n\r\n\r\n<p>A gest\u00e3o do conhecimento \u00e9 um processo cont\u00ednuo e din\u00e2mico que requer o envolvimento e comprometimento de todos os n\u00edveis da organiza\u00e7\u00e3o. Ela contribui para a cria\u00e7\u00e3o de uma cultura de aprendizado, estimula a inova\u00e7\u00e3o e fortalece a capacidade da empresa de se adaptar \u00e0s mudan\u00e7as do mercado e se manter competitiva.\u00a0<\/p>\r\n\r\n\r\n<h2 class=\"wp-block-heading\"><strong>Qual a import\u00e2ncia da gest\u00e3o do conhecimento?<\/strong>\u00a0<\/h2>\r\n\r\n\r\n<p>Uma das principais raz\u00f5es pelas quais a gest\u00e3o do conhecimento \u00e9 importante nas empresas \u00e9 que ela permite evitar a perda de conhecimento quando os colaboradores deixam a organiza\u00e7\u00e3o ou se aposentam.\u00a0<\/p>\r\n\r\n\r\n<p>Ao capturar e armazenar o conhecimento em sistemas e processos acess\u00edveis, a empresa pode preservar o conhecimento adquirido ao longo do tempo e facilitar seu compartilhamento com os demais membros da equipe.\u00a0<\/p>\r\n\r\n\r\n<p>Al\u00e9m disso, a gest\u00e3o do conhecimento promove a colabora\u00e7\u00e3o e a comunica\u00e7\u00e3o efetiva entre os membros da organiza\u00e7\u00e3o. \u00a0<\/p>\r\n\r\n\r\n<p>Ao criar canais de compartilhamento de informa\u00e7\u00f5es e fornecer ferramentas e plataformas adequadas, as empresas podem facilitar a troca de conhecimento entre os colaboradores, permitindo que ideias inovadoras surjam e que solu\u00e7\u00f5es sejam encontradas mais rapidamente.\u00a0<\/p>\r\n\r\n\r\n<p>Outro benef\u00edcio da gest\u00e3o do conhecimento \u00e9 a melhoria da tomada de decis\u00e3o. Com acesso a informa\u00e7\u00f5es relevantes e atualizadas, os l\u00edderes\u00a0e colaboradores est\u00e3o mais preparados para tomar decis\u00f5es\u00a0estrat\u00e9gicas, baseadas em dados concretos e no conhecimento acumulado pela organiza\u00e7\u00e3o.\u00a0<\/p>\r\n\r\n\r\n<p>Ao investir na gest\u00e3o do conhecimento, as empresas podem obter vantagens competitivas significativas, impulsionando a inova\u00e7\u00e3o, melhorando a efici\u00eancia e fortalecendo sua capacidade de adapta\u00e7\u00e3o \u00e0s mudan\u00e7as do mercado.\u00a0<\/p>\r\n\r\n\r\n<h2 class=\"wp-block-heading\"><strong>5 dicas pr\u00e1ticas para implementar\u00a0a gest\u00e3o do conhecimento<\/strong><\/h2>\r\n\r\n\r\n<p>Para implementar efetivamente a gest\u00e3o do conhecimento, as empresas precisam adotar uma abordagem sistem\u00e1tica. Isso envolve identificar os principais conhecimentos cr\u00edticos para a organiza\u00e7\u00e3o, desenvolver processos de captura e armazenamento de conhecimento, estabelecer canais de comunica\u00e7\u00e3o e colabora\u00e7\u00e3o, promover a cultura de compartilhamento de conhecimento e fornecer <a href=\"https:\/\/mereo.com\/blog\/treinamento-e-desenvolvimento\/\" rel=\"noreferrer noopener\" target=\"_blank\">treinamentos e capacita\u00e7\u00f5es<\/a> adequadas.\u00a0<\/p>\r\n\r\n\r\n<p>Aqui est\u00e3o cinco dicas pr\u00e1ticas para implementar a gest\u00e3o do conhecimento na sua\u00a0empresa:\u00a0<\/p>\r\n\r\n\r\n<h3 class=\"wp-block-heading\"><strong><em>1. Defina uma estrat\u00e9gia clara<\/em><\/strong>\u00a0<\/h3>\r\n\r\n\r\n<p>Antes de iniciar a implementa\u00e7\u00e3o da gest\u00e3o do conhecimento, \u00e9 importante definir uma estrat\u00e9gia clara e alinhada com os objetivos da empresa. \u00a0<\/p>\r\n\r\n\r\n<p>Identifique as necessidades e prioridades da organiza\u00e7\u00e3o, estabele\u00e7a <a href=\"https:\/\/mereo.com\/blog\/planejamento-de-metas\/\" rel=\"noreferrer noopener\" target=\"_blank\">metas<\/a> e objetivos espec\u00edficos e defina indicadores de sucesso para acompanhar o progresso. Isso ajudar\u00e1 a direcionar as atividades e garantir que a gest\u00e3o do conhecimento esteja alinhada com a vis\u00e3o e a estrat\u00e9gia da empresa.\u00a0<\/p>\r\n\r\n\r\n<h3 class=\"wp-block-heading\"><strong><em>2. Promova uma cultura de aprendizagem <\/em><\/strong>\u00a0<\/h3>\r\n\r\n\r\n<p>Uma cultura organizacional que valoriza a aprendizagem cont\u00ednua e o compartilhamento do conhecimento \u00e9 fundamental para o sucesso da gest\u00e3o. \u00a0<\/p>\r\n\r\n\r\n<p>Estimule os colaboradores a buscarem constantemente novos conhecimentos e habilidades, crie espa\u00e7os para o compartilhamento de ideias e experi\u00eancias, e reconhe\u00e7a e recompense as contribui\u00e7\u00f5es individuais para o conhecimento coletivo. \u00a0<\/p>\r\n\r\n\r\n<p>Isso envolve criar um ambiente seguro onde os erros sejam vistos como oportunidades de aprendizado e a colabora\u00e7\u00e3o seja incentivada.\u00a0<\/p>\r\n\r\n\r\n<h3 class=\"wp-block-heading\"><strong><em>3. Utilize tecnologias adequadas <\/em><\/strong>\u00a0<\/h3>\r\n\r\n\r\n<p>As ferramentas tecnol\u00f3gicas desempenham um papel importante na gest\u00e3o da informa\u00e7\u00e3o. Utilize sistemas de gerenciamento de documentos, intranets,\u00a0plataformas de colabora\u00e7\u00e3o e outras solu\u00e7\u00f5es tecnol\u00f3gicas que facilitem o armazenamento, a organiza\u00e7\u00e3o e o compartilhamento do conhecimento. \u00a0<\/p>\r\n\r\n\r\n<p>Certifique-se de que essas ferramentas sejam intuitivas, acess\u00edveis e adequadas \u00e0s necessidades da empresa e de seus colaboradores.\u00a0<\/p>\r\n\r\n\r\n<h3 class=\"wp-block-heading\"><strong><em>4. Estimule o compartilhamento de conhecimento <\/em><\/strong>\u00a0<\/h3>\r\n\r\n\r\n<p>Crie mecanismos e incentivos para estimular o compartilhamento de conhecimento. Promova a cria\u00e7\u00e3o de comunidades de pr\u00e1tica, grupos de discuss\u00e3o e f\u00f3runs online, onde os colaboradores possam trocar experi\u00eancias, tirar d\u00favidas e compartilhar boas pr\u00e1ticas. \u00a0<\/p>\r\n\r\n\r\n<p>Realize sess\u00f5es de treinamento, workshops e eventos que incentivem a dissemina\u00e7\u00e3o do conhecimento. Reconhe\u00e7a e recompense aqueles que contribuem ativamente para o compartilhamento de conhecimento.\u00a0<\/p>\r\n\r\n\r\n<h3 class=\"wp-block-heading\"><strong><em>5. Aprenda com a experi\u00eancia <\/em><\/strong>\u00a0<\/h3>\r\n\r\n\r\n<p>A gest\u00e3o do conhecimento \u00e9 um processo cont\u00ednuo de aprendizado e melhoria. Realize avalia\u00e7\u00f5es peri\u00f3dicas para identificar o que est\u00e1 funcionando bem e o que pode ser aprimorado. Monitore os resultados e os indicadores de sucesso definidos anteriormente, obtenha <a href=\"https:\/\/mereo.com\/blog\/feedback-nas-empresas\/\" rel=\"noreferrer noopener\" target=\"_blank\">feedback<\/a> dos colaboradores e esteja aberto a ajustes e adapta\u00e7\u00f5es. \u00a0<\/p>\r\n\r\n\r\n<p>Aprenda com as experi\u00eancias passadas e utilize esse aprendizado para aprimorar as pr\u00e1ticas de gest\u00e3o do conhecimento e impulsionar a inova\u00e7\u00e3o e o crescimento da empresa.\u00a0<\/p>\r\n\r\n\r\n<p>Implementar a gest\u00e3o da informa\u00e7\u00e3o requer um comprometimento cont\u00ednuo e o envolvimento de toda a organiza\u00e7\u00e3o. \u00a0<\/p>\r\n\r\n\r\n<h2 class=\"wp-block-heading\"><strong>Conclus\u00e3o<\/strong>\u00a0<\/h2>\r\n\r\n\r\n<p>Ao valorizar o conhecimento como um ativo estrat\u00e9gico e adotar pr\u00e1ticas e processos adequados, as organiza\u00e7\u00f5es podem impulsionar a colabora\u00e7\u00e3o, a inova\u00e7\u00e3o e a efici\u00eancia, promovendo assim o crescimento e o desenvolvimento sustent\u00e1vel.\u00a0<\/p>\r\n\r\n\r\n<p>A plataforma Mereo\u00a0ajuda sua empresa otimizar a gest\u00e3o do conhecimento\u00a0e fazer com que a sua organiza\u00e7\u00e3o atinja melhores resultados. <a href=\"https:\/\/mereo.com\/\" rel=\"noreferrer noopener\" target=\"_blank\">Clique aqui<\/a> para conhecer nossas solu\u00e7\u00f5es!\u00a0<\/p>\r\n","protected":false},"excerpt":{"rendered":"<p>A gest\u00e3o do conhecimento nas empresas \u00e9 um processo essencial para garantir o desenvolvimento e o sucesso organizacional em um ambiente competitivo e em constante evolu\u00e7\u00e3o. \u00a0<\/p>\n","protected":false},"author":3,"featured_media":8740,"comment_status":"open","ping_status":"closed","sticky":false,"template":"","format":"standard","meta":{"footnotes":""},"categories":[61],"tags":[],"class_list":["post-7809","post","type-post","status-publish","format-standard","has-post-thumbnail","hentry","category-gestao-metodologias"],"yoast_head":"<!-- This site is optimized with the Yoast SEO plugin v26.6 - https:\/\/yoast.com\/wordpress\/plugins\/seo\/ -->\n<title>Gest\u00e3o do conhecimento: sua import\u00e2ncia e como aplicar<\/title>\n<meta name=\"description\" content=\"Saiba mais sobre a gest\u00e3o do conhecimento nas organiza\u00e7\u00f5es, entenda porque se preocupar com isso e os diferenciais competitivos.\" \/>\n<meta name=\"robots\" content=\"index, follow, max-snippet:-1, max-image-preview:large, max-video-preview:-1\" \/>\n<link rel=\"canonical\" href=\"https:\/\/mereo.com\/hub\/gestao-do-conhecimento\/\" \/>\n<meta property=\"og:locale\" content=\"pt_BR\" \/>\n<meta property=\"og:type\" content=\"article\" \/>\n<meta property=\"og:title\" content=\"Gest\u00e3o do conhecimento: sua import\u00e2ncia e como aplicar\" \/>\n<meta property=\"og:description\" content=\"Saiba mais sobre a gest\u00e3o do conhecimento nas organiza\u00e7\u00f5es, entenda porque se preocupar com isso e os diferenciais competitivos.\" \/>\n<meta property=\"og:url\" content=\"https:\/\/mereo.com\/hub\/gestao-do-conhecimento\/\" \/>\n<meta property=\"og:site_name\" content=\"Mereo Hub\" \/>\n<meta property=\"article:published_time\" content=\"2023-05-24T19:41:00+00:00\" \/>\n<meta property=\"article:modified_time\" content=\"2025-10-09T03:21:03+00:00\" \/>\n<meta property=\"og:image\" content=\"https:\/\/mereo.com\/hub\/wp-content\/uploads\/2023\/05\/Gestao-do-conhecimento-sua-importancia-e-como-aplicar.webp\" \/>\n\t<meta property=\"og:image:width\" content=\"1080\" \/>\n\t<meta property=\"og:image:height\" content=\"364\" \/>\n\t<meta property=\"og:image:type\" content=\"image\/webp\" \/>\n<meta name=\"author\" content=\"Ana Lima\" \/>\n<meta name=\"twitter:card\" content=\"summary_large_image\" \/>\n<meta name=\"twitter:label1\" content=\"Escrito por\" \/>\n\t<meta name=\"twitter:data1\" content=\"Ana Lima\" \/>\n\t<meta name=\"twitter:label2\" content=\"Est. tempo de leitura\" \/>\n\t<meta name=\"twitter:data2\" content=\"6 minutos\" \/>\n<script type=\"application\/ld+json\" class=\"yoast-schema-graph\">{\"@context\":\"https:\/\/schema.org\",\"@graph\":[{\"@type\":\"Article\",\"@id\":\"https:\/\/mereo.com\/hub\/gestao-do-conhecimento\/#article\",\"isPartOf\":{\"@id\":\"https:\/\/mereo.com\/hub\/gestao-do-conhecimento\/\"},\"author\":{\"name\":\"Ana Lima\",\"@id\":\"https:\/\/mereo.com\/hub\/#\/schema\/person\/9fa27b6c825bf980b6182a43fa1ef2a5\"},\"headline\":\"Gest\u00e3o do conhecimento: sua import\u00e2ncia e como aplicar\",\"datePublished\":\"2023-05-24T19:41:00+00:00\",\"dateModified\":\"2025-10-09T03:21:03+00:00\",\"mainEntityOfPage\":{\"@id\":\"https:\/\/mereo.com\/hub\/gestao-do-conhecimento\/\"},\"wordCount\":1102,\"commentCount\":0,\"publisher\":{\"@id\":\"https:\/\/mereo.com\/hub\/#organization\"},\"image\":{\"@id\":\"https:\/\/mereo.com\/hub\/gestao-do-conhecimento\/#primaryimage\"},\"thumbnailUrl\":\"https:\/\/mereo.com\/hub\/wp-content\/uploads\/2023\/05\/Gestao-do-conhecimento-sua-importancia-e-como-aplicar.webp\",\"articleSection\":[\"Gest\u00e3o + Metodologias\"],\"inLanguage\":\"pt-BR\",\"potentialAction\":[{\"@type\":\"CommentAction\",\"name\":\"Comment\",\"target\":[\"https:\/\/mereo.com\/hub\/gestao-do-conhecimento\/#respond\"]}]},{\"@type\":\"WebPage\",\"@id\":\"https:\/\/mereo.com\/hub\/gestao-do-conhecimento\/\",\"url\":\"https:\/\/mereo.com\/hub\/gestao-do-conhecimento\/\",\"name\":\"Gest\u00e3o do conhecimento: sua import\u00e2ncia e como aplicar\",\"isPartOf\":{\"@id\":\"https:\/\/mereo.com\/hub\/#website\"},\"primaryImageOfPage\":{\"@id\":\"https:\/\/mereo.com\/hub\/gestao-do-conhecimento\/#primaryimage\"},\"image\":{\"@id\":\"https:\/\/mereo.com\/hub\/gestao-do-conhecimento\/#primaryimage\"},\"thumbnailUrl\":\"https:\/\/mereo.com\/hub\/wp-content\/uploads\/2023\/05\/Gestao-do-conhecimento-sua-importancia-e-como-aplicar.webp\",\"datePublished\":\"2023-05-24T19:41:00+00:00\",\"dateModified\":\"2025-10-09T03:21:03+00:00\",\"description\":\"Saiba mais sobre a gest\u00e3o do conhecimento nas organiza\u00e7\u00f5es, entenda porque se preocupar com isso e os diferenciais competitivos.\",\"breadcrumb\":{\"@id\":\"https:\/\/mereo.com\/hub\/gestao-do-conhecimento\/#breadcrumb\"},\"inLanguage\":\"pt-BR\",\"potentialAction\":[{\"@type\":\"ReadAction\",\"target\":[\"https:\/\/mereo.com\/hub\/gestao-do-conhecimento\/\"]}]},{\"@type\":\"ImageObject\",\"inLanguage\":\"pt-BR\",\"@id\":\"https:\/\/mereo.com\/hub\/gestao-do-conhecimento\/#primaryimage\",\"url\":\"https:\/\/mereo.com\/hub\/wp-content\/uploads\/2023\/05\/Gestao-do-conhecimento-sua-importancia-e-como-aplicar.webp\",\"contentUrl\":\"https:\/\/mereo.com\/hub\/wp-content\/uploads\/2023\/05\/Gestao-do-conhecimento-sua-importancia-e-como-aplicar.webp\",\"width\":1080,\"height\":364,\"caption\":\"gest\u00e3o do conhecimento\"},{\"@type\":\"BreadcrumbList\",\"@id\":\"https:\/\/mereo.com\/hub\/gestao-do-conhecimento\/#breadcrumb\",\"itemListElement\":[{\"@type\":\"ListItem\",\"position\":1,\"name\":\"In\u00edcio\",\"item\":\"https:\/\/mereo.com\/hub\/\"},{\"@type\":\"ListItem\",\"position\":2,\"name\":\"Gest\u00e3o do conhecimento: sua import\u00e2ncia e como aplicar\"}]},{\"@type\":\"WebSite\",\"@id\":\"https:\/\/mereo.com\/hub\/#website\",\"url\":\"https:\/\/mereo.com\/hub\/\",\"name\":\"Mereo Hub\",\"description\":\"\",\"publisher\":{\"@id\":\"https:\/\/mereo.com\/hub\/#organization\"},\"potentialAction\":[{\"@type\":\"SearchAction\",\"target\":{\"@type\":\"EntryPoint\",\"urlTemplate\":\"https:\/\/mereo.com\/hub\/?s={search_term_string}\"},\"query-input\":{\"@type\":\"PropertyValueSpecification\",\"valueRequired\":true,\"valueName\":\"search_term_string\"}}],\"inLanguage\":\"pt-BR\"},{\"@type\":\"Organization\",\"@id\":\"https:\/\/mereo.com\/hub\/#organization\",\"name\":\"Mereo Hub\",\"url\":\"https:\/\/mereo.com\/hub\/\",\"logo\":{\"@type\":\"ImageObject\",\"inLanguage\":\"pt-BR\",\"@id\":\"https:\/\/mereo.com\/hub\/#\/schema\/logo\/image\/\",\"url\":\"https:\/\/mereo.com\/hub\/wp-content\/uploads\/2025\/03\/logotiipo.webp\",\"contentUrl\":\"https:\/\/mereo.com\/hub\/wp-content\/uploads\/2025\/03\/logotiipo.webp\",\"width\":704,\"height\":99,\"caption\":\"Mereo Hub\"},\"image\":{\"@id\":\"https:\/\/mereo.com\/hub\/#\/schema\/logo\/image\/\"}},{\"@type\":\"Person\",\"@id\":\"https:\/\/mereo.com\/hub\/#\/schema\/person\/9fa27b6c825bf980b6182a43fa1ef2a5\",\"name\":\"Ana Lima\",\"image\":{\"@type\":\"ImageObject\",\"inLanguage\":\"pt-BR\",\"@id\":\"https:\/\/mereo.com\/hub\/#\/schema\/person\/image\/\",\"url\":\"https:\/\/secure.gravatar.com\/avatar\/9d4bdf23773c06c2991dcaa64edbaa011a519de9ed70c8688ebd434c7da053d5?s=96&d=mm&r=g\",\"contentUrl\":\"https:\/\/secure.gravatar.com\/avatar\/9d4bdf23773c06c2991dcaa64edbaa011a519de9ed70c8688ebd434c7da053d5?s=96&d=mm&r=g\",\"caption\":\"Ana Lima\"},\"url\":\"https:\/\/mereo.com\/hub\/author\/ana\/\"}]}<\/script>\n<!-- \/ Yoast SEO plugin. -->","yoast_head_json":{"title":"Gest\u00e3o do conhecimento: sua import\u00e2ncia e como aplicar","description":"Saiba mais sobre a gest\u00e3o do conhecimento nas organiza\u00e7\u00f5es, entenda porque se preocupar com isso e os diferenciais competitivos.","robots":{"index":"index","follow":"follow","max-snippet":"max-snippet:-1","max-image-preview":"max-image-preview:large","max-video-preview":"max-video-preview:-1"},"canonical":"https:\/\/mereo.com\/hub\/gestao-do-conhecimento\/","og_locale":"pt_BR","og_type":"article","og_title":"Gest\u00e3o do conhecimento: sua import\u00e2ncia e como aplicar","og_description":"Saiba mais sobre a gest\u00e3o do conhecimento nas organiza\u00e7\u00f5es, entenda porque se preocupar com isso e os diferenciais competitivos.","og_url":"https:\/\/mereo.com\/hub\/gestao-do-conhecimento\/","og_site_name":"Mereo Hub","article_published_time":"2023-05-24T19:41:00+00:00","article_modified_time":"2025-10-09T03:21:03+00:00","og_image":[{"width":1080,"height":364,"url":"https:\/\/mereo.com\/hub\/wp-content\/uploads\/2023\/05\/Gestao-do-conhecimento-sua-importancia-e-como-aplicar.webp","type":"image\/webp"}],"author":"Ana Lima","twitter_card":"summary_large_image","twitter_misc":{"Escrito por":"Ana Lima","Est. tempo de leitura":"6 minutos"},"schema":{"@context":"https:\/\/schema.org","@graph":[{"@type":"Article","@id":"https:\/\/mereo.com\/hub\/gestao-do-conhecimento\/#article","isPartOf":{"@id":"https:\/\/mereo.com\/hub\/gestao-do-conhecimento\/"},"author":{"name":"Ana Lima","@id":"https:\/\/mereo.com\/hub\/#\/schema\/person\/9fa27b6c825bf980b6182a43fa1ef2a5"},"headline":"Gest\u00e3o do conhecimento: sua import\u00e2ncia e como aplicar","datePublished":"2023-05-24T19:41:00+00:00","dateModified":"2025-10-09T03:21:03+00:00","mainEntityOfPage":{"@id":"https:\/\/mereo.com\/hub\/gestao-do-conhecimento\/"},"wordCount":1102,"commentCount":0,"publisher":{"@id":"https:\/\/mereo.com\/hub\/#organization"},"image":{"@id":"https:\/\/mereo.com\/hub\/gestao-do-conhecimento\/#primaryimage"},"thumbnailUrl":"https:\/\/mereo.com\/hub\/wp-content\/uploads\/2023\/05\/Gestao-do-conhecimento-sua-importancia-e-como-aplicar.webp","articleSection":["Gest\u00e3o + Metodologias"],"inLanguage":"pt-BR","potentialAction":[{"@type":"CommentAction","name":"Comment","target":["https:\/\/mereo.com\/hub\/gestao-do-conhecimento\/#respond"]}]},{"@type":"WebPage","@id":"https:\/\/mereo.com\/hub\/gestao-do-conhecimento\/","url":"https:\/\/mereo.com\/hub\/gestao-do-conhecimento\/","name":"Gest\u00e3o do conhecimento: sua import\u00e2ncia e como aplicar","isPartOf":{"@id":"https:\/\/mereo.com\/hub\/#website"},"primaryImageOfPage":{"@id":"https:\/\/mereo.com\/hub\/gestao-do-conhecimento\/#primaryimage"},"image":{"@id":"https:\/\/mereo.com\/hub\/gestao-do-conhecimento\/#primaryimage"},"thumbnailUrl":"https:\/\/mereo.com\/hub\/wp-content\/uploads\/2023\/05\/Gestao-do-conhecimento-sua-importancia-e-como-aplicar.webp","datePublished":"2023-05-24T19:41:00+00:00","dateModified":"2025-10-09T03:21:03+00:00","description":"Saiba mais sobre a gest\u00e3o do conhecimento nas organiza\u00e7\u00f5es, entenda porque se preocupar com isso e os diferenciais competitivos.","breadcrumb":{"@id":"https:\/\/mereo.com\/hub\/gestao-do-conhecimento\/#breadcrumb"},"inLanguage":"pt-BR","potentialAction":[{"@type":"ReadAction","target":["https:\/\/mereo.com\/hub\/gestao-do-conhecimento\/"]}]},{"@type":"ImageObject","inLanguage":"pt-BR","@id":"https:\/\/mereo.com\/hub\/gestao-do-conhecimento\/#primaryimage","url":"https:\/\/mereo.com\/hub\/wp-content\/uploads\/2023\/05\/Gestao-do-conhecimento-sua-importancia-e-como-aplicar.webp","contentUrl":"https:\/\/mereo.com\/hub\/wp-content\/uploads\/2023\/05\/Gestao-do-conhecimento-sua-importancia-e-como-aplicar.webp","width":1080,"height":364,"caption":"gest\u00e3o do conhecimento"},{"@type":"BreadcrumbList","@id":"https:\/\/mereo.com\/hub\/gestao-do-conhecimento\/#breadcrumb","itemListElement":[{"@type":"ListItem","position":1,"name":"In\u00edcio","item":"https:\/\/mereo.com\/hub\/"},{"@type":"ListItem","position":2,"name":"Gest\u00e3o do conhecimento: sua import\u00e2ncia e como aplicar"}]},{"@type":"WebSite","@id":"https:\/\/mereo.com\/hub\/#website","url":"https:\/\/mereo.com\/hub\/","name":"Mereo Hub","description":"","publisher":{"@id":"https:\/\/mereo.com\/hub\/#organization"},"potentialAction":[{"@type":"SearchAction","target":{"@type":"EntryPoint","urlTemplate":"https:\/\/mereo.com\/hub\/?s={search_term_string}"},"query-input":{"@type":"PropertyValueSpecification","valueRequired":true,"valueName":"search_term_string"}}],"inLanguage":"pt-BR"},{"@type":"Organization","@id":"https:\/\/mereo.com\/hub\/#organization","name":"Mereo Hub","url":"https:\/\/mereo.com\/hub\/","logo":{"@type":"ImageObject","inLanguage":"pt-BR","@id":"https:\/\/mereo.com\/hub\/#\/schema\/logo\/image\/","url":"https:\/\/mereo.com\/hub\/wp-content\/uploads\/2025\/03\/logotiipo.webp","contentUrl":"https:\/\/mereo.com\/hub\/wp-content\/uploads\/2025\/03\/logotiipo.webp","width":704,"height":99,"caption":"Mereo Hub"},"image":{"@id":"https:\/\/mereo.com\/hub\/#\/schema\/logo\/image\/"}},{"@type":"Person","@id":"https:\/\/mereo.com\/hub\/#\/schema\/person\/9fa27b6c825bf980b6182a43fa1ef2a5","name":"Ana Lima","image":{"@type":"ImageObject","inLanguage":"pt-BR","@id":"https:\/\/mereo.com\/hub\/#\/schema\/person\/image\/","url":"https:\/\/secure.gravatar.com\/avatar\/9d4bdf23773c06c2991dcaa64edbaa011a519de9ed70c8688ebd434c7da053d5?s=96&d=mm&r=g","contentUrl":"https:\/\/secure.gravatar.com\/avatar\/9d4bdf23773c06c2991dcaa64edbaa011a519de9ed70c8688ebd434c7da053d5?s=96&d=mm&r=g","caption":"Ana Lima"},"url":"https:\/\/mereo.com\/hub\/author\/ana\/"}]}},"_links":{"self":[{"href":"https:\/\/mereo.com\/hub\/wp-json\/wp\/v2\/posts\/7809","targetHints":{"allow":["GET"]}}],"collection":[{"href":"https:\/\/mereo.com\/hub\/wp-json\/wp\/v2\/posts"}],"about":[{"href":"https:\/\/mereo.com\/hub\/wp-json\/wp\/v2\/types\/post"}],"author":[{"embeddable":true,"href":"https:\/\/mereo.com\/hub\/wp-json\/wp\/v2\/users\/3"}],"replies":[{"embeddable":true,"href":"https:\/\/mereo.com\/hub\/wp-json\/wp\/v2\/comments?post=7809"}],"version-history":[{"count":3,"href":"https:\/\/mereo.com\/hub\/wp-json\/wp\/v2\/posts\/7809\/revisions"}],"predecessor-version":[{"id":9616,"href":"https:\/\/mereo.com\/hub\/wp-json\/wp\/v2\/posts\/7809\/revisions\/9616"}],"wp:featuredmedia":[{"embeddable":true,"href":"https:\/\/mereo.com\/hub\/wp-json\/wp\/v2\/media\/8740"}],"wp:attachment":[{"href":"https:\/\/mereo.com\/hub\/wp-json\/wp\/v2\/media?parent=7809"}],"wp:term":[{"taxonomy":"category","embeddable":true,"href":"https:\/\/mereo.com\/hub\/wp-json\/wp\/v2\/categories?post=7809"},{"taxonomy":"post_tag","embeddable":true,"href":"https:\/\/mereo.com\/hub\/wp-json\/wp\/v2\/tags?post=7809"}],"curies":[{"name":"wp","href":"https:\/\/api.w.org\/{rel}","templated":true}]}}